{"id":5194,"date":"2024-06-12T14:57:31","date_gmt":"2024-06-12T12:57:31","guid":{"rendered":"https:\/\/sciences-medias.fr\/blogs\/?p=5194"},"modified":"2024-06-13T11:23:32","modified_gmt":"2024-06-13T09:23:32","slug":"natures-vivantes-images-jardins-dalbert-kahn","status":"publish","type":"post","link":"https:\/\/sciences-medias.fr\/blogs\/natures-vivantes-images-jardins-dalbert-kahn\/","title":{"rendered":"Natures vivantes. Images &#038; jardins d\u2019Albert Kahn"},"content":{"rendered":"<p><a><img loading=\"lazy\" decoding=\"async\" class=\"alignleft size-medium wp-image-5195\" src=\"https:\/\/sciences-medias.fr\/blogs\/wp-content\/uploads\/2024\/05\/csm_HD_Couv_Natures_Vivants__1__f17ed07b03-229x300.png\" alt=\"\" width=\"229\" height=\"300\" data-wp-editing=\"1\" srcset=\"https:\/\/sciences-medias.fr\/blogs\/wp-content\/uploads\/2024\/05\/csm_HD_Couv_Natures_Vivants__1__f17ed07b03-229x300.png 229w, https:\/\/sciences-medias.fr\/blogs\/wp-content\/uploads\/2024\/05\/csm_HD_Couv_Natures_Vivants__1__f17ed07b03-115x150.png 115w, https:\/\/sciences-medias.fr\/blogs\/wp-content\/uploads\/2024\/05\/csm_HD_Couv_Natures_Vivants__1__f17ed07b03-332x435.png 332w, https:\/\/sciences-medias.fr\/blogs\/wp-content\/uploads\/2024\/05\/csm_HD_Couv_Natures_Vivants__1__f17ed07b03.png 500w\" sizes=\"auto, (max-width: 229px) 100vw, 229px\" \/><\/a>\u00c9dit\u00e9 sous la direction de Luce Lebart\u00a0\u00e0 l\u2019occasion de l\u2019exposition\u00a0<em>Natures Vivantes. Images et imaginaires des jardins d\u2019Albert Kahn <\/em>(<a href=\"https:\/\/albert-kahn.hauts-de-seine.fr\/la-programmation\/expositions\/les-expositions-temporaires\/natures-vivantes\">29 avril \u2013 31 d\u00e9cembre 2024 au mus\u00e9e d\u00e9partemental Albert-Kahn<\/a>), cet ouvrage collectif propose un nouveau regard sur les collections d&rsquo;images fixes et anim\u00e9es du mus\u00e9e Albert-Kahn en dialogue avec son jardin \u00e0 sc\u00e8nes paysag\u00e8res et avec le jardin disparu de Cap-Martin, r\u00e9sidence m\u00e9diterran\u00e9enne d\u2019Albert Kahn, ainsi que sur les films produits dans le cadre du \u00ab laboratoire de la vie \u00bb \u00e9tabli dans le jardin de Boulogne, r\u00e9alis\u00e9s par le sp\u00e9cialiste du cin\u00e9ma scientifique Jean Comandon.<\/p>\n<p>Avec la contribution de notre coll\u00e8gue et ami <a href=\"https:\/\/sciences-medias.fr\/blogs\/equipe\/thierry-lefebvre\/\">Thierry Lefebvre<\/a>.<\/p>\n<p>https:\/\/albert-kahn.hauts-de-seine.fr\/les-collections\/editions\/catalogues-et-albums-dexposition\/natures-vivantes<\/p>\n","protected":false},"excerpt":{"rendered":"<p>\u00c9dit\u00e9 sous la direction de Luce Lebart\u00a0\u00e0 l\u2019occasion de l\u2019exposition\u00a0Natures Vivantes. Images et imaginaires des jardins d\u2019Albert Kahn (29 avril \u2013 31 d\u00e9cembre 2024 au mus\u00e9e d\u00e9partemental Albert-Kahn), cet ouvrage collectif propose un nouveau regard sur les collections d&rsquo;images fixes et anim\u00e9es du mus\u00e9e Albert-Kahn en dialogue avec son jardin &#8230;<\/p>\n","protected":false},"author":97,"featured_media":0,"comment_status":"closed","ping_status":"closed","sticky":false,"template":"","format":"standard","meta":{"footnotes":""},"categories":[116],"tags":[],"class_list":["post-5194","post","type-post","status-publish","format-standard","hentry","category-publications","column","onecol"],"_links":{"self":[{"href":"https:\/\/sciences-medias.fr\/blogs\/wp-json\/wp\/v2\/posts\/5194","targetHints":{"allow":["GET"]}}],"collection":[{"href":"https:\/\/sciences-medias.fr\/blogs\/wp-json\/wp\/v2\/posts"}],"about":[{"href":"https:\/\/sciences-medias.fr\/blogs\/wp-json\/wp\/v2\/types\/post"}],"author":[{"embeddable":true,"href":"https:\/\/sciences-medias.fr\/blogs\/wp-json\/wp\/v2\/users\/97"}],"replies":[{"embeddable":true,"href":"https:\/\/sciences-medias.fr\/blogs\/wp-json\/wp\/v2\/comments?post=5194"}],"version-history":[{"count":2,"href":"https:\/\/sciences-medias.fr\/blogs\/wp-json\/wp\/v2\/posts\/5194\/revisions"}],"predecessor-version":[{"id":5197,"href":"https:\/\/sciences-medias.fr\/blogs\/wp-json\/wp\/v2\/posts\/5194\/revisions\/5197"}],"wp:attachment":[{"href":"https:\/\/sciences-medias.fr\/blogs\/wp-json\/wp\/v2\/media?parent=5194"}],"wp:term":[{"taxonomy":"category","embeddable":true,"href":"https:\/\/sciences-medias.fr\/blogs\/wp-json\/wp\/v2\/categories?post=5194"},{"taxonomy":"post_tag","embeddable":true,"href":"https:\/\/sciences-medias.fr\/blogs\/wp-json\/wp\/v2\/tags?post=5194"}],"curies":[{"name":"wp","href":"https:\/\/api.w.org\/{rel}","templated":true}]}}