{"id":5119,"date":"2024-02-07T15:51:27","date_gmt":"2024-02-07T14:51:27","guid":{"rendered":"https:\/\/sciences-medias.fr\/blogs\/?p=5119"},"modified":"2024-02-07T15:51:56","modified_gmt":"2024-02-07T14:51:56","slug":"nadine-skwortzoff-1852-1938-premiere-admise-a-la-societe-medico-psychologique-et-pionniere-de-letude-de-laphasie","status":"publish","type":"post","link":"https:\/\/sciences-medias.fr\/blogs\/nadine-skwortzoff-1852-1938-premiere-admise-a-la-societe-medico-psychologique-et-pionniere-de-letude-de-laphasie\/","title":{"rendered":"Nadine Skwortzoff (1852\u20131938), premi\u00e8re admise \u00e0 la Soci\u00e9t\u00e9 M\u00e9dico-Psychologique et pionni\u00e8re de l\u2019\u00e9tude de l\u2019aphasie"},"content":{"rendered":"<p><a href=\"https:\/\/www.em-consulte.com\/article\/1644930\/nadine-skwortzoff-1852%E2%80%931938-premiere-admise-a-la-s\"><img loading=\"lazy\" decoding=\"async\" class=\"alignnone wp-image-5126 size-medium\" src=\"https:\/\/sciences-medias.fr\/blogs\/wp-content\/uploads\/2024\/01\/Annales-med-psy-300x63.jpeg\" alt=\"\" width=\"300\" height=\"63\" srcset=\"https:\/\/sciences-medias.fr\/blogs\/wp-content\/uploads\/2024\/01\/Annales-med-psy-300x63.jpeg 300w, https:\/\/sciences-medias.fr\/blogs\/wp-content\/uploads\/2024\/01\/Annales-med-psy-150x32.jpeg 150w, https:\/\/sciences-medias.fr\/blogs\/wp-content\/uploads\/2024\/01\/Annales-med-psy-332x70.jpeg 332w, https:\/\/sciences-medias.fr\/blogs\/wp-content\/uploads\/2024\/01\/Annales-med-psy.jpeg 489w\" sizes=\"auto, (max-width: 300px) 100vw, 300px\" \/><\/a><\/p>\n<p>En 1881, la Soci\u00e9t\u00e9 M\u00e9dico-Psychologique admet dans ses rangs la docteur Nadine Skwortzoff comme membre associ\u00e9e \u00e9trang\u00e8re. C\u2019est la premi\u00e8re fois qu\u2019une femme est int\u00e9gr\u00e9e \u00e0 la soci\u00e9t\u00e9 savante, qui ne manque pas de s\u2019en f\u00e9liciter.<\/p>\n<p>L&rsquo;article de <a href=\"https:\/\/sciences-medias.fr\/blogs\/equipe\/nicolas-brard\/\">Nicolas Brard<\/a> vise \u00e0 explorer le parcours m\u00e9connu de cette neurologue, dont le travail sur l\u2019aphasie fut pourtant reconnu par ses pairs.<\/p>\n<p>En ligne <a href=\"https:\/\/www.em-consulte.com\/article\/1644930\/nadine-skwortzoff-1852%E2%80%931938-premiere-admise-a-la-s\">sur le site des Annales m\u00e9dico-psychologiques<\/a>.<\/p>\n<p>&nbsp;<\/p>\n","protected":false},"excerpt":{"rendered":"<p>En 1881, la Soci\u00e9t\u00e9 M\u00e9dico-Psychologique admet dans ses rangs la docteur Nadine Skwortzoff comme membre associ\u00e9e \u00e9trang\u00e8re. C\u2019est la premi\u00e8re fois qu\u2019une femme est int\u00e9gr\u00e9e \u00e0 la soci\u00e9t\u00e9 savante, qui ne manque pas de s\u2019en f\u00e9liciter. L&rsquo;article de Nicolas Brard vise \u00e0 explorer le parcours m\u00e9connu de cette neurologue, dont &#8230;<\/p>\n","protected":false},"author":97,"featured_media":0,"comment_status":"closed","ping_status":"closed","sticky":false,"template":"","format":"standard","meta":{"footnotes":""},"categories":[116],"tags":[],"class_list":["post-5119","post","type-post","status-publish","format-standard","hentry","category-publications","column","onecol"],"_links":{"self":[{"href":"https:\/\/sciences-medias.fr\/blogs\/wp-json\/wp\/v2\/posts\/5119","targetHints":{"allow":["GET"]}}],"collection":[{"href":"https:\/\/sciences-medias.fr\/blogs\/wp-json\/wp\/v2\/posts"}],"about":[{"href":"https:\/\/sciences-medias.fr\/blogs\/wp-json\/wp\/v2\/types\/post"}],"author":[{"embeddable":true,"href":"https:\/\/sciences-medias.fr\/blogs\/wp-json\/wp\/v2\/users\/97"}],"replies":[{"embeddable":true,"href":"https:\/\/sciences-medias.fr\/blogs\/wp-json\/wp\/v2\/comments?post=5119"}],"version-history":[{"count":3,"href":"https:\/\/sciences-medias.fr\/blogs\/wp-json\/wp\/v2\/posts\/5119\/revisions"}],"predecessor-version":[{"id":5128,"href":"https:\/\/sciences-medias.fr\/blogs\/wp-json\/wp\/v2\/posts\/5119\/revisions\/5128"}],"wp:attachment":[{"href":"https:\/\/sciences-medias.fr\/blogs\/wp-json\/wp\/v2\/media?parent=5119"}],"wp:term":[{"taxonomy":"category","embeddable":true,"href":"https:\/\/sciences-medias.fr\/blogs\/wp-json\/wp\/v2\/categories?post=5119"},{"taxonomy":"post_tag","embeddable":true,"href":"https:\/\/sciences-medias.fr\/blogs\/wp-json\/wp\/v2\/tags?post=5119"}],"curies":[{"name":"wp","href":"https:\/\/api.w.org\/{rel}","templated":true}]}}