{"id":3363,"date":"2019-04-12T12:37:12","date_gmt":"2019-04-12T10:37:12","guid":{"rendered":"http:\/\/sciences-medias.fr\/blogs\/?p=3363"},"modified":"2021-02-26T13:59:27","modified_gmt":"2021-02-26T12:59:27","slug":"francois-mitterrand-pirate-des-ondes","status":"publish","type":"post","link":"https:\/\/sciences-medias.fr\/blogs\/francois-mitterrand-pirate-des-ondes\/","title":{"rendered":"Fran\u00e7ois Mitterrand pirate des ondes"},"content":{"rendered":"<p><a href=\"https:\/\/sciences-medias.fr\/blogs\/wp-content\/uploads\/2019\/04\/FMPirate.jpg\"><img loading=\"lazy\" decoding=\"async\" class=\"alignleft size-medium wp-image-3364\" src=\"https:\/\/sciences-medias.fr\/blogs\/wp-content\/uploads\/2019\/04\/FMPirate-237x300.jpg\" alt=\"\" width=\"237\" height=\"300\" srcset=\"https:\/\/sciences-medias.fr\/blogs\/wp-content\/uploads\/2019\/04\/FMPirate-237x300.jpg 237w, https:\/\/sciences-medias.fr\/blogs\/wp-content\/uploads\/2019\/04\/FMPirate-118x150.jpg 118w, https:\/\/sciences-medias.fr\/blogs\/wp-content\/uploads\/2019\/04\/FMPirate-768x974.jpg 768w, https:\/\/sciences-medias.fr\/blogs\/wp-content\/uploads\/2019\/04\/FMPirate-808x1024.jpg 808w, https:\/\/sciences-medias.fr\/blogs\/wp-content\/uploads\/2019\/04\/FMPirate-700x887.jpg 700w, https:\/\/sciences-medias.fr\/blogs\/wp-content\/uploads\/2019\/04\/FMPirate-332x421.jpg 332w, https:\/\/sciences-medias.fr\/blogs\/wp-content\/uploads\/2019\/04\/FMPirate.jpg 885w\" sizes=\"auto, (max-width: 237px) 100vw, 237px\" \/><\/a>\u00c0 para\u00eetre fin avril 2019 :<br \/>\n<em>Fran\u00e7ois Mitterrand pirate des ondes \u2013 L&rsquo;affaire Radio Riposte<\/em>, de <a href=\"https:\/\/sciences-medias.fr\/blogs\/equipe\/thierry-lefebvre\/\">Thierry Lefebvre<\/a>.<\/p>\n<p>Le 28 juin 1979, la F\u00e9d\u00e9ration de Paris du Parti socialiste diffusait sur les ondes un programme radiophonique dont un des intervenants n\u2019\u00e9tait autre que Fran\u00e7ois Mitterrand.<br \/>\nRadio Riposte &#8211; c\u2019\u00e9tait son nom &#8211; \u00e9mettait sur la bande FM, commettant ainsi une infraction au monopole d\u2019\u00c9tat de la radiodiffusion en vigueur depuis le lendemain de la Seconde Guerre mondiale. L\u2019\u00e9mission fut donc brouill\u00e9e, la police intervint m\u00eame en flagrant-d\u00e9lit, mais le mat\u00e9riel ne put \u00eatre saisi. Les retomb\u00e9es furent consid\u00e9rables. Deux mois plus tard, Fran\u00e7ois Mitterrand, Laurent Fabius et quelques autres furent mis en examen.<br \/>\nCet ouvrage \u00e9voque les protagonistes, les tenants et aboutissants, mais \u00e9galement les cons\u00e9quences de ce programme qui pr\u00e9luda \u00e0 la lib\u00e9ration des ondes des ann\u00e9es 1980. Il en restitue les propos jusqu\u2019alors in\u00e9dits.<br \/>\nQuelques d\u00e9cennies se sont \u00e9coul\u00e9es, mais l\u2019univers de nos m\u00e9dias porte encore la trace de cette \u00e9mission historique.<\/p>\n<p>Disponible <a href=\"http:\/\/www.editions-glyphe.com\/livre\/francois-mitterrand-pirate-des-ondes-laffaire-radio-riposte\/\">sur le site des \u00e9ditions Glyphe<\/a>.<\/p>\n","protected":false},"excerpt":{"rendered":"<p>\u00c0 para\u00eetre fin avril 2019 : Fran\u00e7ois Mitterrand pirate des ondes \u2013 L&rsquo;affaire Radio Riposte, de Thierry Lefebvre. Le 28 juin 1979, la F\u00e9d\u00e9ration de Paris du Parti socialiste diffusait sur les ondes un programme radiophonique dont un des intervenants n\u2019\u00e9tait autre que Fran\u00e7ois Mitterrand. Radio Riposte &#8211; c\u2019\u00e9tait son &#8230;<\/p>\n","protected":false},"author":97,"featured_media":0,"comment_status":"closed","ping_status":"closed","sticky":false,"template":"","format":"standard","meta":{"footnotes":""},"categories":[116],"tags":[],"class_list":["post-3363","post","type-post","status-publish","format-standard","hentry","category-publications","column","onecol"],"_links":{"self":[{"href":"https:\/\/sciences-medias.fr\/blogs\/wp-json\/wp\/v2\/posts\/3363","targetHints":{"allow":["GET"]}}],"collection":[{"href":"https:\/\/sciences-medias.fr\/blogs\/wp-json\/wp\/v2\/posts"}],"about":[{"href":"https:\/\/sciences-medias.fr\/blogs\/wp-json\/wp\/v2\/types\/post"}],"author":[{"embeddable":true,"href":"https:\/\/sciences-medias.fr\/blogs\/wp-json\/wp\/v2\/users\/97"}],"replies":[{"embeddable":true,"href":"https:\/\/sciences-medias.fr\/blogs\/wp-json\/wp\/v2\/comments?post=3363"}],"version-history":[{"count":3,"href":"https:\/\/sciences-medias.fr\/blogs\/wp-json\/wp\/v2\/posts\/3363\/revisions"}],"predecessor-version":[{"id":4243,"href":"https:\/\/sciences-medias.fr\/blogs\/wp-json\/wp\/v2\/posts\/3363\/revisions\/4243"}],"wp:attachment":[{"href":"https:\/\/sciences-medias.fr\/blogs\/wp-json\/wp\/v2\/media?parent=3363"}],"wp:term":[{"taxonomy":"category","embeddable":true,"href":"https:\/\/sciences-medias.fr\/blogs\/wp-json\/wp\/v2\/categories?post=3363"},{"taxonomy":"post_tag","embeddable":true,"href":"https:\/\/sciences-medias.fr\/blogs\/wp-json\/wp\/v2\/tags?post=3363"}],"curies":[{"name":"wp","href":"https:\/\/api.w.org\/{rel}","templated":true}]}}