{"id":3252,"date":"2019-01-15T11:31:17","date_gmt":"2019-01-15T10:31:17","guid":{"rendered":"http:\/\/sciences-medias.fr\/blogs\/?p=3252"},"modified":"2019-09-20T10:31:12","modified_gmt":"2019-09-20T08:31:12","slug":"dates-de-candidature-au-master-2019-2020","status":"publish","type":"post","link":"https:\/\/sciences-medias.fr\/blogs\/dates-de-candidature-au-master-2019-2020\/","title":{"rendered":"Dates de candidature au Master 2019-2020"},"content":{"rendered":"<p><span style=\"color: #ff0000;\"><strong>Les candidatures sont closes pour l&rsquo;ann\u00e9e 2019-2020.<\/strong><\/span><\/p>\n<p><!--more--><\/p>\n<p><em>En 2019, le parcours\u00a0<strong>\u00ab\u00a0Journalisme, culture et communication scientifiques\u00a0\u00bb <\/strong>du Master \u00ab\u00a0Cin\u00e9ma, Documentaire, M\u00e9dias\u00a0\u00bb change de nom pour devenir le parcours\u00a0<strong>\u00ab\u00a0Audiovisuel, journalisme et communication scientifiques\u00a0\u00bb<\/strong> du Master \u00ab\u00a0Cin\u00e9ma et audiovisuel\u00a0\u00bb.<\/em><\/p>\n<p>Le d\u00e9p\u00f4t des\u00a0candidatures au\u00a0<strong>Parcours \u00ab\u00a0Audiovisuel, journalisme et communication scientifiques\u00a0\u00bb du master <em>Cin\u00e9ma et audiovisuel<\/em>\u00a0<\/strong>pour l&rsquo;ann\u00e9e universitaire 2019-2020 (Master 1 et Master 2) se fait en ligne du 1er au 30 avril 2019 sur le site de l&rsquo;universit\u00e9 Paris Diderot :<br \/>\n<a href=\"https:\/\/etudes-formations.univ-paris-diderot.fr\/candidater-sinscrire\">https:\/\/etudes-formations.univ-paris-diderot.fr\/candidater-sinscrire<\/a><\/p>\n<p><span style=\"color: #ff0000;\"><strong>Une seule session de candidature est organis\u00e9e.<br \/>\n<\/strong><\/span>Date limite de transmission du dossier (proc\u00e9dure d\u00e9mat\u00e9rialis\u00e9e) : vendredi 3 mai.<\/p>\n<p>&#8211; Test \u00e9crit : <strong>mardi 11 juin 2019\u00a0<\/strong>de 13 h 30 \u00e0 16 h (salle \u00e0 d\u00e9finir).<br \/>\n&#8211; Entretiens (20 minutes) : <strong>jeudi\u00a020 juin 2019<\/strong>\u00a0entre 9 h et 18 h (un horaire de passage sera communiqu\u00e9 \u00e0 chaque candidat admissible), salle 797C des Grands Moulins.<\/p>\n<p>Le master <em>Audiovisuel, journalisme et communication scientifiques<\/em> ne peut pas \u00eatre suivi en mobilit\u00e9 internationale, la pr\u00e9sence aux enseignements \u00e9tant obligatoire.<\/p>\n<p>Le recrutement concerne essentiellement l&rsquo;entr\u00e9e en M1.<br \/>\nL&rsquo;entr\u00e9e directe en M2 est envisageable pour 1 ou 2 places, et repose a priori sur une exp\u00e9rience pr\u00e9alable dans le domaine de l&rsquo;information et de la communication, ou sur la perspective concr\u00e8te d&rsquo;un contrat d&rsquo;alternance dans ce domaine. Dans tous les cas, nous vous recommandons de postuler \u00e9galement en M1 si vous \u00eates motiv\u00e9es.<\/p>\n<p>Si vous r\u00e9sidez dans un pays \u00e0 proc\u00e9dure CEF Campus France, ne tenez pas compte de ce calendrier, r\u00e9f\u00e9rez-vous \u00e0 la page suivante : <a href=\"https:\/\/etudes-formations.univ-paris-diderot.fr\/candidature-etudes-en-france\" target=\"_blank\" rel=\"noopener noreferrer\" data-saferedirecturl=\"https:\/\/www.google.com\/url?hl=fr&amp;q=https:\/\/etudes-formations.univ-paris-diderot.fr\/candidature-etudes-en-france&amp;source=gmail&amp;ust=1517566915617000&amp;usg=AFQjCNGOFohjFuJIe75WHjeUA-RrUFFOxQ\">https:\/\/etudes-formations.<wbr \/>univ-paris-diderot.fr\/<wbr \/>candidature-etudes-en-france<\/a><\/p>\n","protected":false},"excerpt":{"rendered":"<p>Les candidatures sont closes pour l&rsquo;ann\u00e9e 2019-2020.<\/p>\n","protected":false},"author":97,"featured_media":0,"comment_status":"closed","ping_status":"closed","sticky":false,"template":"","format":"standard","meta":{"footnotes":""},"categories":[117],"tags":[],"class_list":["post-3252","post","type-post","status-publish","format-standard","hentry","category-master","column","onecol"],"_links":{"self":[{"href":"https:\/\/sciences-medias.fr\/blogs\/wp-json\/wp\/v2\/posts\/3252","targetHints":{"allow":["GET"]}}],"collection":[{"href":"https:\/\/sciences-medias.fr\/blogs\/wp-json\/wp\/v2\/posts"}],"about":[{"href":"https:\/\/sciences-medias.fr\/blogs\/wp-json\/wp\/v2\/types\/post"}],"author":[{"embeddable":true,"href":"https:\/\/sciences-medias.fr\/blogs\/wp-json\/wp\/v2\/users\/97"}],"replies":[{"embeddable":true,"href":"https:\/\/sciences-medias.fr\/blogs\/wp-json\/wp\/v2\/comments?post=3252"}],"version-history":[{"count":12,"href":"https:\/\/sciences-medias.fr\/blogs\/wp-json\/wp\/v2\/posts\/3252\/revisions"}],"predecessor-version":[{"id":3391,"href":"https:\/\/sciences-medias.fr\/blogs\/wp-json\/wp\/v2\/posts\/3252\/revisions\/3391"}],"wp:attachment":[{"href":"https:\/\/sciences-medias.fr\/blogs\/wp-json\/wp\/v2\/media?parent=3252"}],"wp:term":[{"taxonomy":"category","embeddable":true,"href":"https:\/\/sciences-medias.fr\/blogs\/wp-json\/wp\/v2\/categories?post=3252"},{"taxonomy":"post_tag","embeddable":true,"href":"https:\/\/sciences-medias.fr\/blogs\/wp-json\/wp\/v2\/tags?post=3252"}],"curies":[{"name":"wp","href":"https:\/\/api.w.org\/{rel}","templated":true}]}}