{"id":2361,"date":"2016-11-23T11:31:31","date_gmt":"2016-11-23T10:31:31","guid":{"rendered":"http:\/\/sciences-medias.fr\/blogs\/?p=2361"},"modified":"2019-05-17T12:09:39","modified_gmt":"2019-05-17T10:09:39","slug":"la-presse-thermale-et-climatique-2016","status":"publish","type":"post","link":"https:\/\/sciences-medias.fr\/blogs\/la-presse-thermale-et-climatique-2016\/","title":{"rendered":"La presse thermale et climatique &#8211; 2016"},"content":{"rendered":"<p><a href=\"https:\/\/sciences-medias.fr\/blogs\/wp-content\/uploads\/2016\/11\/PTC2016.jpg\"><img loading=\"lazy\" decoding=\"async\" class=\"alignleft size-thumbnail wp-image-2362\" src=\"https:\/\/sciences-medias.fr\/blogs\/wp-content\/uploads\/2016\/11\/PTC2016-109x150.jpg\" alt=\"ptc2016\" width=\"109\" height=\"150\" srcset=\"https:\/\/sciences-medias.fr\/blogs\/wp-content\/uploads\/2016\/11\/PTC2016-109x150.jpg 109w, https:\/\/sciences-medias.fr\/blogs\/wp-content\/uploads\/2016\/11\/PTC2016-218x300.jpg 218w, https:\/\/sciences-medias.fr\/blogs\/wp-content\/uploads\/2016\/11\/PTC2016.jpg 232w\" sizes=\"auto, (max-width: 109px) 100vw, 109px\" \/><\/a>Le num\u00e9ro de 2016 de la<em>\u00a0Presse thermale et climatique<\/em> vient de para\u00eetre. On y trouve les Actes de la journ\u00e9e d&rsquo;\u00e9tude de Ch\u00e2tel-Guyon, coordonn\u00e9es\u00a0le 10 mai 2016 par <a href=\"https:\/\/sciences-medias.fr\/blogs\/equipe\/thierry-lefebvre\/\">Thierry Lefebvre<\/a> avec le soutien de Pascale Jeambrun et du regrett\u00e9 Jean-Baptiste Chareyras, d\u00e9c\u00e9d\u00e9 il y a quelques semaines.<\/p>\n<p>Pour en savoir plus :\u00a0<a href=\"http:\/\/thierry-lefebvre.blogspot.fr\/2016\/11\/histoire-du-thermalisme-toujours.html\" target=\"_blank\" rel=\"noopener noreferrer\">http:\/\/thierry-lefebvre.blogspot.fr\/2016\/11\/histoire-du-thermalisme-toujours.html<\/a><\/p>\n","protected":false},"excerpt":{"rendered":"<p>Le num\u00e9ro de 2016 de la\u00a0Presse thermale et climatique vient de para\u00eetre. On y trouve les Actes de la journ\u00e9e d&rsquo;\u00e9tude de Ch\u00e2tel-Guyon, coordonn\u00e9es\u00a0le 10 mai 2016 par Thierry Lefebvre avec le soutien de Pascale Jeambrun et du regrett\u00e9 Jean-Baptiste Chareyras, d\u00e9c\u00e9d\u00e9 il y a quelques semaines. Pour en savoir &#8230;<\/p>\n","protected":false},"author":97,"featured_media":0,"comment_status":"closed","ping_status":"closed","sticky":false,"template":"","format":"standard","meta":{"footnotes":""},"categories":[116],"tags":[],"class_list":["post-2361","post","type-post","status-publish","format-standard","hentry","category-publications","column","onecol"],"_links":{"self":[{"href":"https:\/\/sciences-medias.fr\/blogs\/wp-json\/wp\/v2\/posts\/2361","targetHints":{"allow":["GET"]}}],"collection":[{"href":"https:\/\/sciences-medias.fr\/blogs\/wp-json\/wp\/v2\/posts"}],"about":[{"href":"https:\/\/sciences-medias.fr\/blogs\/wp-json\/wp\/v2\/types\/post"}],"author":[{"embeddable":true,"href":"https:\/\/sciences-medias.fr\/blogs\/wp-json\/wp\/v2\/users\/97"}],"replies":[{"embeddable":true,"href":"https:\/\/sciences-medias.fr\/blogs\/wp-json\/wp\/v2\/comments?post=2361"}],"version-history":[{"count":3,"href":"https:\/\/sciences-medias.fr\/blogs\/wp-json\/wp\/v2\/posts\/2361\/revisions"}],"predecessor-version":[{"id":3448,"href":"https:\/\/sciences-medias.fr\/blogs\/wp-json\/wp\/v2\/posts\/2361\/revisions\/3448"}],"wp:attachment":[{"href":"https:\/\/sciences-medias.fr\/blogs\/wp-json\/wp\/v2\/media?parent=2361"}],"wp:term":[{"taxonomy":"category","embeddable":true,"href":"https:\/\/sciences-medias.fr\/blogs\/wp-json\/wp\/v2\/categories?post=2361"},{"taxonomy":"post_tag","embeddable":true,"href":"https:\/\/sciences-medias.fr\/blogs\/wp-json\/wp\/v2\/tags?post=2361"}],"curies":[{"name":"wp","href":"https:\/\/api.w.org\/{rel}","templated":true}]}}